{"id":3052,"date":"2021-05-07T11:23:00","date_gmt":"2021-05-07T10:23:00","guid":{"rendered":"http:\/\/adiemontinyent.es\/?p=3052"},"modified":"2021-05-09T11:32:10","modified_gmt":"2021-05-09T10:32:10","slug":"ciclo-charlas-prevencion-de-suicidio","status":"publish","type":"post","link":"https:\/\/adiemontinyent.es\/?p=3052","title":{"rendered":"Ciclo charlas prevenci\u00f3n de suicidio"},"content":{"rendered":"\n<p> La fatiga pand\u00e9mica, las enfermedades mentales m\u00e1s comunes y la prevenci\u00f3n del comportamiento suicidio. Estos son los temas que estrella y ciclo de charlas promovido por el Ayuntamiento de Ontinyent en colaboraci\u00f3n con ADIEM para romper el tab\u00fa que rodea la salud mental y prevenir el comportamiento suicida. La serie de charlas \u2032\u2032 La salud mental ayuda a tu bienestar &#8220;, que estar\u00e1 en el Echegaray Theatre, est\u00e1 incluida en el Plan Municipal para la Prevenci\u00f3n del Comportamiento Suicida que se lanz\u00f3 en enero de 2020 .<a rel=\"noreferrer noopener\" href=\"http:\/\/www.enontinyent.com\/index.php\/societat\/item\/3771-la-fatiga-pandemica-obri-el-cicle-de-xerrades-d-ontinyent-per-previndre-les-conductes-suicides?fbclid=IwAR2h3LggDXhjxo-FFdtjQhmFVpiv_d00qCezeAUOAfjQMEdduzYcJq6BLsw\" target=\"_blank\">http:\/\/www.enontinyent.com\/&#8230;\/3771-la-fatiga-pandemica&#8230;<\/a><\/p>\n","protected":false},"excerpt":{"rendered":"<p>La fatiga pand\u00e9mica, las enfermedades mentales m\u00e1s comunes y la prevenci\u00f3n del comportamiento suicidio. Estos son los temas que estrella y ciclo de charlas promovido por el Ayuntamiento de Ontinyent en colaboraci\u00f3n con ADIEM para romper el tab\u00fa que rodea&#8230;<br \/><a class=\"read-more-button\" href=\"https:\/\/adiemontinyent.es\/?p=3052\">Leer m\u00e1s<\/a><\/p>\n","protected":false},"author":1,"featured_media":3053,"comment_status":"closed","ping_status":"closed","sticky":false,"template":"","format":"standard","meta":{"footnotes":""},"categories":[8,4],"tags":[],"class_list":["post-3052","post","type-post","status-publish","format-standard","has-post-thumbnail","hentry","category-eventos","category-noticias"],"_links":{"self":[{"href":"https:\/\/adiemontinyent.es\/index.php?rest_route=\/wp\/v2\/posts\/3052","targetHints":{"allow":["GET"]}}],"collection":[{"href":"https:\/\/adiemontinyent.es\/index.php?rest_route=\/wp\/v2\/posts"}],"about":[{"href":"https:\/\/adiemontinyent.es\/index.php?rest_route=\/wp\/v2\/types\/post"}],"author":[{"embeddable":true,"href":"https:\/\/adiemontinyent.es\/index.php?rest_route=\/wp\/v2\/users\/1"}],"replies":[{"embeddable":true,"href":"https:\/\/adiemontinyent.es\/index.php?rest_route=%2Fwp%2Fv2%2Fcomments&post=3052"}],"version-history":[{"count":1,"href":"https:\/\/adiemontinyent.es\/index.php?rest_route=\/wp\/v2\/posts\/3052\/revisions"}],"predecessor-version":[{"id":3054,"href":"https:\/\/adiemontinyent.es\/index.php?rest_route=\/wp\/v2\/posts\/3052\/revisions\/3054"}],"wp:featuredmedia":[{"embeddable":true,"href":"https:\/\/adiemontinyent.es\/index.php?rest_route=\/wp\/v2\/media\/3053"}],"wp:attachment":[{"href":"https:\/\/adiemontinyent.es\/index.php?rest_route=%2Fwp%2Fv2%2Fmedia&parent=3052"}],"wp:term":[{"taxonomy":"category","embeddable":true,"href":"https:\/\/adiemontinyent.es\/index.php?rest_route=%2Fwp%2Fv2%2Fcategories&post=3052"},{"taxonomy":"post_tag","embeddable":true,"href":"https:\/\/adiemontinyent.es\/index.php?rest_route=%2Fwp%2Fv2%2Ftags&post=3052"}],"curies":[{"name":"wp","href":"https:\/\/api.w.org\/{rel}","templated":true}]}}